{"id":9478,"date":"2024-11-28T16:21:05","date_gmt":"2024-11-28T16:21:05","guid":{"rendered":"https:\/\/ato.vision\/magazine\/?p=9478"},"modified":"2024-11-28T16:21:06","modified_gmt":"2024-11-28T16:21:06","slug":"zur-dialektik-von-kopf-und-herz","status":"publish","type":"post","link":"https:\/\/ato.vision\/magazine\/zur-dialektik-von-kopf-und-herz\/","title":{"rendered":"Zur Dialektik von Kopf und Herz"},"content":{"rendered":"\t\t<div data-elementor-type=\"wp-post\" data-elementor-id=\"9478\" class=\"elementor elementor-9478\" data-elementor-post-type=\"post\">\n\t\t\t\t<div class=\"elementor-element elementor-element-77d8327 e-flex e-con-boxed e-con e-parent\" data-id=\"77d8327\" data-element_type=\"container\" data-e-type=\"container\">\n\t\t\t\t\t<div class=\"e-con-inner\">\n\t\t\t\t<div class=\"elementor-element elementor-element-e5eb897 elementor-widget elementor-widget-text-editor\" data-id=\"e5eb897\" data-element_type=\"widget\" data-e-type=\"widget\" data-widget_type=\"text-editor.default\">\n\t\t\t\t<div class=\"elementor-widget-container\">\n\t\t\t\t\t\t\t\t\t<p>Schon beim Schreiben der \u00dcberschrift hat es sich leicht in mir zusammengezogen, da ich mit diesem Text das Klischee der Dialektik schlechthin \u00f6ffne: Kopf vs. Herz, Verstand vs. Schmerz, Kalk\u00fcl vs. Gef\u00fchl und so weiter. Sp\u00e4testens seit dem Zeitalter der Aufkl\u00e4rung haben Menschen gelernt, ihren Verstand sehr ernst zu nehmen.\u00a0<\/p><p>Bis vor einigen Jahren herrschte noch das Klischee des emotionalen K\u00fcnstlers vor. Heute bestimmen Theorie und Wissenschaftsdiskurs viele Bereiche der Kunst. Typischerweise werden jegliche Themen in der Kunst durch abstrakte Meta-Texte aufgeladen. Manchmal habe ich das Gef\u00fchl (ha!), dass das die Kunst ganz sch\u00f6n verkopft. Als w\u00fcrden die Menschen den Zugang zu ihrer Intuition verlieren. Wir werden darauf konditioniert, Ausstellungen mehr mit dem Verstand als mit dem Gef\u00fchl wahrzunehmen.\u00a0<\/p><p>Versteht mich nicht falsch \u2013 ich bin nicht f\u00fcr ein Verwischen von Wahrheit und Rationalit\u00e4t durch Gef\u00fchle. Jedoch l\u00e4sst der Versuch, alles mit dem Verstand begreifen zu wollen, den wichtigen Faktor Mensch au\u00dfen vor: seine Fehlbarkeit, seine Neigung danach, Bed\u00fcrfnisse zu befriedigen, sein Wunsch danach, einfache L\u00f6sungen f\u00fcr komplexe Fragen zu finden (wie es auch der Populismus der neuen Rechten suggeriert).\u00a0Die Frage nach der Evaluierung einer Ausstellung impliziert also meistens, dass man jetzt etwas Schlaues sagen sollte. Geben wir jedoch nur dem Denkapparat im Oberst\u00fcbchen Raum, riskieren wir vor allem eins: Wir werden herzlos.<\/p>\t\t\t\t\t\t\t\t<\/div>\n\t\t\t\t<\/div>\n\t\t\t\t\t<\/div>\n\t\t\t\t<\/div>\n\t\t\t\t<\/div>\n\t\t","protected":false},"excerpt":{"rendered":"<p>Herz gegen Kopf, Verstand gegen Gef\u00fchl.<br \/>\nHelena K\u00fchnemann begibt sich in den Abgrund der Binarit\u00e4t \u2013 mit erstaunlich soften Ergebnissen.<\/p>\n<p>Lesedauer: 2 min<\/p>\n","protected":false},"author":7,"featured_media":9480,"comment_status":"closed","ping_status":"open","sticky":false,"template":"elementor_theme","format":"standard","meta":{"_acf_changed":false,"footnotes":""},"categories":[56,134],"tags":[137,138,135,136,66,139],"class_list":["post-9478","post","type-post","status-publish","format-standard","has-post-thumbnail","hentry","category-allebeitraege","category-meme-kolumne","tag-cem","tag-cem-a","tag-helena-kuehnemann","tag-kuehnemann","tag-meme","tag-meme-kolumne"],"acf":[],"yoast_head":"<!-- This site is optimized with the Yoast SEO plugin v27.5 - https:\/\/yoast.com\/product\/yoast-seo-wordpress\/ -->\n<title>Zur Dialektik von Kopf und Herz \u2013 Crisp Magazin<\/title>\n<meta name=\"description\" content=\"Herz gegen Kopf, Verstand gegen Gef\u00fchl. Helena K\u00fchnemann begibt sich in den Abgrund der Binarit\u00e4t \u2013 mit erstaunlich soften Ergebnissen.\" \/>\n<meta name=\"robots\" content=\"index, follow, max-snippet:-1, max-image-preview:large, max-video-preview:-1\" \/>\n<link rel=\"canonical\" href=\"https:\/\/ato.vision\/magazine\/zur-dialektik-von-kopf-und-herz\/\" \/>\n<meta property=\"og:locale\" content=\"de_DE\" \/>\n<meta property=\"og:type\" content=\"article\" \/>\n<meta property=\"og:title\" content=\"Zur Dialektik von Kopf und Herz \u2013 Crisp Magazin\" \/>\n<meta property=\"og:description\" content=\"Herz gegen Kopf, Verstand gegen Gef\u00fchl. Helena K\u00fchnemann begibt sich in den Abgrund der Binarit\u00e4t \u2013 mit erstaunlich soften Ergebnissen.\" \/>\n<meta property=\"og:url\" content=\"https:\/\/ato.vision\/magazine\/zur-dialektik-von-kopf-und-herz\/\" \/>\n<meta property=\"og:site_name\" content=\"Crisp Magazin\" \/>\n<meta property=\"article:published_time\" content=\"2024-11-28T16:21:05+00:00\" \/>\n<meta property=\"article:modified_time\" content=\"2024-11-28T16:21:06+00:00\" \/>\n<meta property=\"og:image\" content=\"https:\/\/ato.vision\/magazine\/wp-content\/uploads\/2024\/11\/HerzVerstandKunst.jpg\" \/>\n\t<meta property=\"og:image:width\" content=\"997\" \/>\n\t<meta property=\"og:image:height\" content=\"1000\" \/>\n\t<meta property=\"og:image:type\" content=\"image\/jpeg\" \/>\n<meta name=\"author\" content=\"Helena K\u00fchnemann\" \/>\n<meta name=\"twitter:card\" content=\"summary_large_image\" \/>\n<meta name=\"twitter:label1\" content=\"Verfasst von\" \/>\n\t<meta name=\"twitter:data1\" content=\"Helena K\u00fchnemann\" \/>\n\t<meta name=\"twitter:label2\" content=\"Gesch\u00e4tzte Lesezeit\" \/>\n\t<meta name=\"twitter:data2\" content=\"2\u00a0Minuten\" \/>\n<script type=\"application\/ld+json\" class=\"yoast-schema-graph\">{\"@context\":\"https:\\\/\\\/schema.org\",\"@graph\":[{\"@type\":\"Article\",\"@id\":\"https:\\\/\\\/ato.vision\\\/magazine\\\/zur-dialektik-von-kopf-und-herz\\\/#article\",\"isPartOf\":{\"@id\":\"https:\\\/\\\/ato.vision\\\/magazine\\\/zur-dialektik-von-kopf-und-herz\\\/\"},\"author\":{\"name\":\"Helena K\u00fchnemann\",\"@id\":\"https:\\\/\\\/ato.vision\\\/magazine\\\/#\\\/schema\\\/person\\\/277659070116d4d3f25f0a312038f490\"},\"headline\":\"Zur Dialektik von Kopf und Herz\",\"datePublished\":\"2024-11-28T16:21:05+00:00\",\"dateModified\":\"2024-11-28T16:21:06+00:00\",\"mainEntityOfPage\":{\"@id\":\"https:\\\/\\\/ato.vision\\\/magazine\\\/zur-dialektik-von-kopf-und-herz\\\/\"},\"wordCount\":237,\"publisher\":{\"@id\":\"https:\\\/\\\/ato.vision\\\/magazine\\\/#organization\"},\"image\":{\"@id\":\"https:\\\/\\\/ato.vision\\\/magazine\\\/zur-dialektik-von-kopf-und-herz\\\/#primaryimage\"},\"thumbnailUrl\":\"https:\\\/\\\/ato.vision\\\/magazine\\\/wp-content\\\/uploads\\\/2024\\\/11\\\/HerzVerstandKunst.jpg\",\"keywords\":[\"cem\",\"cem a.\",\"helena k\u00fchnemann\",\"k\u00fchnemann\",\"Meme\",\"meme-kolumne\"],\"articleSection\":[\"Alle Beitr\u00e4ge\",\"Meme-Kolumne\"],\"inLanguage\":\"de\"},{\"@type\":\"WebPage\",\"@id\":\"https:\\\/\\\/ato.vision\\\/magazine\\\/zur-dialektik-von-kopf-und-herz\\\/\",\"url\":\"https:\\\/\\\/ato.vision\\\/magazine\\\/zur-dialektik-von-kopf-und-herz\\\/\",\"name\":\"Zur Dialektik von Kopf und Herz \u2013 Crisp Magazin\",\"isPartOf\":{\"@id\":\"https:\\\/\\\/ato.vision\\\/magazine\\\/#website\"},\"primaryImageOfPage\":{\"@id\":\"https:\\\/\\\/ato.vision\\\/magazine\\\/zur-dialektik-von-kopf-und-herz\\\/#primaryimage\"},\"image\":{\"@id\":\"https:\\\/\\\/ato.vision\\\/magazine\\\/zur-dialektik-von-kopf-und-herz\\\/#primaryimage\"},\"thumbnailUrl\":\"https:\\\/\\\/ato.vision\\\/magazine\\\/wp-content\\\/uploads\\\/2024\\\/11\\\/HerzVerstandKunst.jpg\",\"datePublished\":\"2024-11-28T16:21:05+00:00\",\"dateModified\":\"2024-11-28T16:21:06+00:00\",\"description\":\"Herz gegen Kopf, Verstand gegen Gef\u00fchl. Helena K\u00fchnemann begibt sich in den Abgrund der Binarit\u00e4t \u2013 mit erstaunlich soften Ergebnissen.\",\"breadcrumb\":{\"@id\":\"https:\\\/\\\/ato.vision\\\/magazine\\\/zur-dialektik-von-kopf-und-herz\\\/#breadcrumb\"},\"inLanguage\":\"de\",\"potentialAction\":[{\"@type\":\"ReadAction\",\"target\":[\"https:\\\/\\\/ato.vision\\\/magazine\\\/zur-dialektik-von-kopf-und-herz\\\/\"]}]},{\"@type\":\"ImageObject\",\"inLanguage\":\"de\",\"@id\":\"https:\\\/\\\/ato.vision\\\/magazine\\\/zur-dialektik-von-kopf-und-herz\\\/#primaryimage\",\"url\":\"https:\\\/\\\/ato.vision\\\/magazine\\\/wp-content\\\/uploads\\\/2024\\\/11\\\/HerzVerstandKunst.jpg\",\"contentUrl\":\"https:\\\/\\\/ato.vision\\\/magazine\\\/wp-content\\\/uploads\\\/2024\\\/11\\\/HerzVerstandKunst.jpg\",\"width\":997,\"height\":1000,\"caption\":\"Das Bild zeigt eine Grafik, in der sich ein Gehirn auf Beinen und und Herz auf Beinen unterhalten. In der Sprechblase steht: \\\"How did you find the exhibition?\\\"\"},{\"@type\":\"BreadcrumbList\",\"@id\":\"https:\\\/\\\/ato.vision\\\/magazine\\\/zur-dialektik-von-kopf-und-herz\\\/#breadcrumb\",\"itemListElement\":[{\"@type\":\"ListItem\",\"position\":1,\"name\":\"Startseite\",\"item\":\"https:\\\/\\\/ato.vision\\\/magazine\\\/\"},{\"@type\":\"ListItem\",\"position\":2,\"name\":\"Zur Dialektik von Kopf und Herz\"}]},{\"@type\":\"WebSite\",\"@id\":\"https:\\\/\\\/ato.vision\\\/magazine\\\/#website\",\"url\":\"https:\\\/\\\/ato.vision\\\/magazine\\\/\",\"name\":\"Crisp Magazin\",\"description\":\"Junges, kritisches Kunstmagazin \u2013 herausgegeben von ato\",\"publisher\":{\"@id\":\"https:\\\/\\\/ato.vision\\\/magazine\\\/#organization\"},\"potentialAction\":[{\"@type\":\"SearchAction\",\"target\":{\"@type\":\"EntryPoint\",\"urlTemplate\":\"https:\\\/\\\/ato.vision\\\/magazine\\\/?s={search_term_string}\"},\"query-input\":{\"@type\":\"PropertyValueSpecification\",\"valueRequired\":true,\"valueName\":\"search_term_string\"}}],\"inLanguage\":\"de\"},{\"@type\":\"Organization\",\"@id\":\"https:\\\/\\\/ato.vision\\\/magazine\\\/#organization\",\"name\":\"ato\",\"url\":\"https:\\\/\\\/ato.vision\\\/magazine\\\/\",\"logo\":{\"@type\":\"ImageObject\",\"inLanguage\":\"de\",\"@id\":\"https:\\\/\\\/ato.vision\\\/magazine\\\/#\\\/schema\\\/logo\\\/image\\\/\",\"url\":\"https:\\\/\\\/ato.vision\\\/magazine\\\/wp-content\\\/uploads\\\/2022\\\/02\\\/ato_Logo_rund.png\",\"contentUrl\":\"https:\\\/\\\/ato.vision\\\/magazine\\\/wp-content\\\/uploads\\\/2022\\\/02\\\/ato_Logo_rund.png\",\"width\":862,\"height\":862,\"caption\":\"ato\"},\"image\":{\"@id\":\"https:\\\/\\\/ato.vision\\\/magazine\\\/#\\\/schema\\\/logo\\\/image\\\/\"}},{\"@type\":\"Person\",\"@id\":\"https:\\\/\\\/ato.vision\\\/magazine\\\/#\\\/schema\\\/person\\\/277659070116d4d3f25f0a312038f490\",\"name\":\"Helena K\u00fchnemann\",\"image\":{\"@type\":\"ImageObject\",\"inLanguage\":\"de\",\"@id\":\"https:\\\/\\\/ato.vision\\\/magazine\\\/wp-content\\\/uploads\\\/2022\\\/06\\\/Ku\u0308hnemann-150x150.jpg\",\"url\":\"https:\\\/\\\/ato.vision\\\/magazine\\\/wp-content\\\/uploads\\\/2022\\\/06\\\/Ku\u0308hnemann-150x150.jpg\",\"contentUrl\":\"https:\\\/\\\/ato.vision\\\/magazine\\\/wp-content\\\/uploads\\\/2022\\\/06\\\/Ku\u0308hnemann-150x150.jpg\",\"caption\":\"Helena K\u00fchnemann\"},\"url\":\"https:\\\/\\\/ato.vision\\\/magazine\\\/author\\\/helena-kuehnemann\\\/\"}]}<\/script>\n<!-- \/ Yoast SEO plugin. -->","yoast_head_json":{"title":"Zur Dialektik von Kopf und Herz \u2013 Crisp Magazin","description":"Herz gegen Kopf, Verstand gegen Gef\u00fchl. Helena K\u00fchnemann begibt sich in den Abgrund der Binarit\u00e4t \u2013 mit erstaunlich soften Ergebnissen.","robots":{"index":"index","follow":"follow","max-snippet":"max-snippet:-1","max-image-preview":"max-image-preview:large","max-video-preview":"max-video-preview:-1"},"canonical":"https:\/\/ato.vision\/magazine\/zur-dialektik-von-kopf-und-herz\/","og_locale":"de_DE","og_type":"article","og_title":"Zur Dialektik von Kopf und Herz \u2013 Crisp Magazin","og_description":"Herz gegen Kopf, Verstand gegen Gef\u00fchl. Helena K\u00fchnemann begibt sich in den Abgrund der Binarit\u00e4t \u2013 mit erstaunlich soften Ergebnissen.","og_url":"https:\/\/ato.vision\/magazine\/zur-dialektik-von-kopf-und-herz\/","og_site_name":"Crisp Magazin","article_published_time":"2024-11-28T16:21:05+00:00","article_modified_time":"2024-11-28T16:21:06+00:00","og_image":[{"width":997,"height":1000,"url":"https:\/\/ato.vision\/magazine\/wp-content\/uploads\/2024\/11\/HerzVerstandKunst.jpg","type":"image\/jpeg"}],"author":"Helena K\u00fchnemann","twitter_card":"summary_large_image","twitter_misc":{"Verfasst von":"Helena K\u00fchnemann","Gesch\u00e4tzte Lesezeit":"2\u00a0Minuten"},"schema":{"@context":"https:\/\/schema.org","@graph":[{"@type":"Article","@id":"https:\/\/ato.vision\/magazine\/zur-dialektik-von-kopf-und-herz\/#article","isPartOf":{"@id":"https:\/\/ato.vision\/magazine\/zur-dialektik-von-kopf-und-herz\/"},"author":{"name":"Helena K\u00fchnemann","@id":"https:\/\/ato.vision\/magazine\/#\/schema\/person\/277659070116d4d3f25f0a312038f490"},"headline":"Zur Dialektik von Kopf und Herz","datePublished":"2024-11-28T16:21:05+00:00","dateModified":"2024-11-28T16:21:06+00:00","mainEntityOfPage":{"@id":"https:\/\/ato.vision\/magazine\/zur-dialektik-von-kopf-und-herz\/"},"wordCount":237,"publisher":{"@id":"https:\/\/ato.vision\/magazine\/#organization"},"image":{"@id":"https:\/\/ato.vision\/magazine\/zur-dialektik-von-kopf-und-herz\/#primaryimage"},"thumbnailUrl":"https:\/\/ato.vision\/magazine\/wp-content\/uploads\/2024\/11\/HerzVerstandKunst.jpg","keywords":["cem","cem a.","helena k\u00fchnemann","k\u00fchnemann","Meme","meme-kolumne"],"articleSection":["Alle Beitr\u00e4ge","Meme-Kolumne"],"inLanguage":"de"},{"@type":"WebPage","@id":"https:\/\/ato.vision\/magazine\/zur-dialektik-von-kopf-und-herz\/","url":"https:\/\/ato.vision\/magazine\/zur-dialektik-von-kopf-und-herz\/","name":"Zur Dialektik von Kopf und Herz \u2013 Crisp Magazin","isPartOf":{"@id":"https:\/\/ato.vision\/magazine\/#website"},"primaryImageOfPage":{"@id":"https:\/\/ato.vision\/magazine\/zur-dialektik-von-kopf-und-herz\/#primaryimage"},"image":{"@id":"https:\/\/ato.vision\/magazine\/zur-dialektik-von-kopf-und-herz\/#primaryimage"},"thumbnailUrl":"https:\/\/ato.vision\/magazine\/wp-content\/uploads\/2024\/11\/HerzVerstandKunst.jpg","datePublished":"2024-11-28T16:21:05+00:00","dateModified":"2024-11-28T16:21:06+00:00","description":"Herz gegen Kopf, Verstand gegen Gef\u00fchl. Helena K\u00fchnemann begibt sich in den Abgrund der Binarit\u00e4t \u2013 mit erstaunlich soften Ergebnissen.","breadcrumb":{"@id":"https:\/\/ato.vision\/magazine\/zur-dialektik-von-kopf-und-herz\/#breadcrumb"},"inLanguage":"de","potentialAction":[{"@type":"ReadAction","target":["https:\/\/ato.vision\/magazine\/zur-dialektik-von-kopf-und-herz\/"]}]},{"@type":"ImageObject","inLanguage":"de","@id":"https:\/\/ato.vision\/magazine\/zur-dialektik-von-kopf-und-herz\/#primaryimage","url":"https:\/\/ato.vision\/magazine\/wp-content\/uploads\/2024\/11\/HerzVerstandKunst.jpg","contentUrl":"https:\/\/ato.vision\/magazine\/wp-content\/uploads\/2024\/11\/HerzVerstandKunst.jpg","width":997,"height":1000,"caption":"Das Bild zeigt eine Grafik, in der sich ein Gehirn auf Beinen und und Herz auf Beinen unterhalten. In der Sprechblase steht: \"How did you find the exhibition?\""},{"@type":"BreadcrumbList","@id":"https:\/\/ato.vision\/magazine\/zur-dialektik-von-kopf-und-herz\/#breadcrumb","itemListElement":[{"@type":"ListItem","position":1,"name":"Startseite","item":"https:\/\/ato.vision\/magazine\/"},{"@type":"ListItem","position":2,"name":"Zur Dialektik von Kopf und Herz"}]},{"@type":"WebSite","@id":"https:\/\/ato.vision\/magazine\/#website","url":"https:\/\/ato.vision\/magazine\/","name":"Crisp Magazin","description":"Junges, kritisches Kunstmagazin \u2013 herausgegeben von ato","publisher":{"@id":"https:\/\/ato.vision\/magazine\/#organization"},"potentialAction":[{"@type":"SearchAction","target":{"@type":"EntryPoint","urlTemplate":"https:\/\/ato.vision\/magazine\/?s={search_term_string}"},"query-input":{"@type":"PropertyValueSpecification","valueRequired":true,"valueName":"search_term_string"}}],"inLanguage":"de"},{"@type":"Organization","@id":"https:\/\/ato.vision\/magazine\/#organization","name":"ato","url":"https:\/\/ato.vision\/magazine\/","logo":{"@type":"ImageObject","inLanguage":"de","@id":"https:\/\/ato.vision\/magazine\/#\/schema\/logo\/image\/","url":"https:\/\/ato.vision\/magazine\/wp-content\/uploads\/2022\/02\/ato_Logo_rund.png","contentUrl":"https:\/\/ato.vision\/magazine\/wp-content\/uploads\/2022\/02\/ato_Logo_rund.png","width":862,"height":862,"caption":"ato"},"image":{"@id":"https:\/\/ato.vision\/magazine\/#\/schema\/logo\/image\/"}},{"@type":"Person","@id":"https:\/\/ato.vision\/magazine\/#\/schema\/person\/277659070116d4d3f25f0a312038f490","name":"Helena K\u00fchnemann","image":{"@type":"ImageObject","inLanguage":"de","@id":"https:\/\/ato.vision\/magazine\/wp-content\/uploads\/2022\/06\/Ku\u0308hnemann-150x150.jpg","url":"https:\/\/ato.vision\/magazine\/wp-content\/uploads\/2022\/06\/Ku\u0308hnemann-150x150.jpg","contentUrl":"https:\/\/ato.vision\/magazine\/wp-content\/uploads\/2022\/06\/Ku\u0308hnemann-150x150.jpg","caption":"Helena K\u00fchnemann"},"url":"https:\/\/ato.vision\/magazine\/author\/helena-kuehnemann\/"}]}},"_links":{"self":[{"href":"https:\/\/ato.vision\/magazine\/wp-json\/wp\/v2\/posts\/9478","targetHints":{"allow":["GET"]}}],"collection":[{"href":"https:\/\/ato.vision\/magazine\/wp-json\/wp\/v2\/posts"}],"about":[{"href":"https:\/\/ato.vision\/magazine\/wp-json\/wp\/v2\/types\/post"}],"author":[{"embeddable":true,"href":"https:\/\/ato.vision\/magazine\/wp-json\/wp\/v2\/users\/7"}],"replies":[{"embeddable":true,"href":"https:\/\/ato.vision\/magazine\/wp-json\/wp\/v2\/comments?post=9478"}],"version-history":[{"count":8,"href":"https:\/\/ato.vision\/magazine\/wp-json\/wp\/v2\/posts\/9478\/revisions"}],"predecessor-version":[{"id":9695,"href":"https:\/\/ato.vision\/magazine\/wp-json\/wp\/v2\/posts\/9478\/revisions\/9695"}],"wp:featuredmedia":[{"embeddable":true,"href":"https:\/\/ato.vision\/magazine\/wp-json\/wp\/v2\/media\/9480"}],"wp:attachment":[{"href":"https:\/\/ato.vision\/magazine\/wp-json\/wp\/v2\/media?parent=9478"}],"wp:term":[{"taxonomy":"category","embeddable":true,"href":"https:\/\/ato.vision\/magazine\/wp-json\/wp\/v2\/categories?post=9478"},{"taxonomy":"post_tag","embeddable":true,"href":"https:\/\/ato.vision\/magazine\/wp-json\/wp\/v2\/tags?post=9478"}],"curies":[{"name":"wp","href":"https:\/\/api.w.org\/{rel}","templated":true}]}}